{"id":355,"date":"2018-12-16T17:00:14","date_gmt":"2018-12-16T16:00:14","guid":{"rendered":"http:\/\/neu.rhythmuschor.de\/?p=355"},"modified":"2019-02-03T11:18:34","modified_gmt":"2019-02-03T10:18:34","slug":"16-12-2018-weihnachtskonzert-der-gdg-st-peter-mg-west","status":"publish","type":"post","link":"https:\/\/www.rhythmuschor.de\/?p=355","title":{"rendered":"Weihnachtskonzert der GdG St. Peter MG-West"},"content":{"rendered":"\n<p>Das traditionelle Weihnachtskonzert f\u00fcr die GdG fand in diesem Jahr am 3. Advent, dem 16.12.2018 um 17.00 Uhr in St. Anna statt. Unter Mitwirkung der GdG-Chorgemeinschaft, dem Chor Sound &amp; Spirit, dem Rhythmuschor, dem Chor Dreiklang und der Kinder-Schola erklangen weihnachtliche Melodien. Es war f\u00fcr jeden etwas dabei und die bunte Mischung sorgte f\u00fcr eine sch\u00f6ne Abwechslung.<\/p>\n","protected":false},"excerpt":{"rendered":"<p>Das traditionelle Weihnachtskonzert f\u00fcr die GdG fand in diesem Jahr am 3. Advent, dem 16.12.2018 um 17.00 Uhr in St. Anna statt. Unter Mitwirkung der GdG-Chorgemeinschaft, dem Chor Sound &amp; Spirit, dem Rhythmuschor, dem Chor Dreiklang und der Kinder-Schola erklangen weihnachtliche Melodien. Es war f\u00fcr jeden etwas dabei und die bunte Mischung sorgte f\u00fcr eine &hellip; <\/p>\n<p class=\"link-more\"><a href=\"https:\/\/www.rhythmuschor.de\/?p=355\" class=\"more-link\"><span class=\"screen-reader-text\">\u201eWeihnachtskonzert der GdG St. Peter MG-West\u201c <\/span>weiterlesen<\/a><\/p>\n","protected":false},"author":2,"featured_media":356,"comment_status":"closed","ping_status":"closed","sticky":false,"template":"","format":"standard","meta":{"footnotes":""},"categories":[8],"tags":[],"class_list":["post-355","post","type-post","status-publish","format-standard","has-post-thumbnail","hentry","category-aktuelles"],"_links":{"self":[{"href":"https:\/\/www.rhythmuschor.de\/index.php?rest_route=\/wp\/v2\/posts\/355","targetHints":{"allow":["GET"]}}],"collection":[{"href":"https:\/\/www.rhythmuschor.de\/index.php?rest_route=\/wp\/v2\/posts"}],"about":[{"href":"https:\/\/www.rhythmuschor.de\/index.php?rest_route=\/wp\/v2\/types\/post"}],"author":[{"embeddable":true,"href":"https:\/\/www.rhythmuschor.de\/index.php?rest_route=\/wp\/v2\/users\/2"}],"replies":[{"embeddable":true,"href":"https:\/\/www.rhythmuschor.de\/index.php?rest_route=%2Fwp%2Fv2%2Fcomments&post=355"}],"version-history":[{"count":2,"href":"https:\/\/www.rhythmuschor.de\/index.php?rest_route=\/wp\/v2\/posts\/355\/revisions"}],"predecessor-version":[{"id":358,"href":"https:\/\/www.rhythmuschor.de\/index.php?rest_route=\/wp\/v2\/posts\/355\/revisions\/358"}],"wp:featuredmedia":[{"embeddable":true,"href":"https:\/\/www.rhythmuschor.de\/index.php?rest_route=\/wp\/v2\/media\/356"}],"wp:attachment":[{"href":"https:\/\/www.rhythmuschor.de\/index.php?rest_route=%2Fwp%2Fv2%2Fmedia&parent=355"}],"wp:term":[{"taxonomy":"category","embeddable":true,"href":"https:\/\/www.rhythmuschor.de\/index.php?rest_route=%2Fwp%2Fv2%2Fcategories&post=355"},{"taxonomy":"post_tag","embeddable":true,"href":"https:\/\/www.rhythmuschor.de\/index.php?rest_route=%2Fwp%2Fv2%2Ftags&post=355"}],"curies":[{"name":"wp","href":"https:\/\/api.w.org\/{rel}","templated":true}]}}