{"id":2728,"date":"2022-06-21T06:34:54","date_gmt":"2022-06-21T05:34:54","guid":{"rendered":"https:\/\/www.rhythmuschor.de\/?p=2728"},"modified":"2022-06-22T06:33:46","modified_gmt":"2022-06-22T05:33:46","slug":"kirmes-in-waldhausen-2022","status":"publish","type":"post","link":"https:\/\/www.rhythmuschor.de\/?p=2728","title":{"rendered":"Kirmes in Waldhausen 2022"},"content":{"rendered":"\n<p>War das eine sch\u00f6ne Prunk in unserem Waates! In der Pfarrkirche St. Anna Waldhausen-Windberg haben wir am Samstagnachmittag den Festgottesdienst f\u00fcr die Lebenden und Verstorbenen der Bruderschaft St. Sebastianus und St. Vitus Waldhausen gefeiert. Wir durften diesen Gottesdienst unter der Leitung von Melanie Oeben und Gregor Sandhaus musikalisch gestalten. Vielleicht ist es schon jemanden aufgefallen, dass dort ein Cello mit anwesend war. Wer das ist und was er mit uns zu tun hat, erfahrt ihr sp\u00e4ter. Es war uns eine Freude und Ehre f\u00fcr die Bruderschaft den Gottesdienst zu singen. <\/p>\n\n\n\n<figure class=\"wp-block-image size-large\"><img loading=\"lazy\" decoding=\"async\" width=\"1024\" height=\"768\" src=\"https:\/\/www.rhythmuschor.de\/wp-content\/uploads\/2022\/06\/ParadeChor2022-1024x768.jpeg\" alt=\"\" class=\"wp-image-2730\" srcset=\"https:\/\/www.rhythmuschor.de\/wp-content\/uploads\/2022\/06\/ParadeChor2022-1024x768.jpeg 1024w, https:\/\/www.rhythmuschor.de\/wp-content\/uploads\/2022\/06\/ParadeChor2022-300x225.jpeg 300w, https:\/\/www.rhythmuschor.de\/wp-content\/uploads\/2022\/06\/ParadeChor2022-768x576.jpeg 768w, https:\/\/www.rhythmuschor.de\/wp-content\/uploads\/2022\/06\/ParadeChor2022-1536x1152.jpeg 1536w, https:\/\/www.rhythmuschor.de\/wp-content\/uploads\/2022\/06\/ParadeChor2022.jpeg 2016w\" sizes=\"auto, (max-width: 767px) 89vw, (max-width: 1000px) 54vw, (max-width: 1071px) 543px, 580px\" \/><\/figure>\n\n\n\n<p>Anschlie\u00dfend sind wir mit einer kleinen Abordnung des Chores mit den Sch\u00fctzen im Zug nach Waldhausen gezogen. Dort durften wir an der Parade teilnehmen. Rainer Brunken stellte uns am Mikrofon vor mit &#8222;ich begr\u00fc\u00dfe unseren Kir &#8230; \u00e4h &#8230; Rhythmuschor Waldhausen unter ihrer Leitung Ste &#8230; Markus Weuthen&#8220;. Na, wenn das mal keine Runde wert ist, lieber Rainer ;-). Im Anschluss zog der Zug zum K\u00f6nig um die Damen in ihren festlichen Kleidern abzuholen. Auch hier sind wir noch gerne mitgezogen, da schlie\u00dflich unter den Damen auch zwei unserer aktiven S\u00e4ngerinnen dabei waren.<\/p>\n\n\n\n<p>Fotos: Bernhard Stein, Markus Weuthen<\/p>\n","protected":false},"excerpt":{"rendered":"<p>War das eine sch\u00f6ne Prunk in unserem Waates! In der Pfarrkirche St. Anna Waldhausen-Windberg haben wir am Samstagnachmittag den Festgottesdienst f\u00fcr die Lebenden und Verstorbenen der Bruderschaft St. Sebastianus und St. Vitus Waldhausen gefeiert. Wir durften diesen Gottesdienst unter der Leitung von Melanie Oeben und Gregor Sandhaus musikalisch gestalten. Vielleicht ist es schon jemanden aufgefallen, &hellip; <\/p>\n<p class=\"link-more\"><a href=\"https:\/\/www.rhythmuschor.de\/?p=2728\" class=\"more-link\"><span class=\"screen-reader-text\">\u201eKirmes in Waldhausen 2022\u201c <\/span>weiterlesen<\/a><\/p>\n","protected":false},"author":2,"featured_media":2729,"comment_status":"closed","ping_status":"closed","sticky":false,"template":"","format":"standard","meta":{"footnotes":""},"categories":[8],"tags":[],"class_list":["post-2728","post","type-post","status-publish","format-standard","has-post-thumbnail","hentry","category-aktuelles"],"_links":{"self":[{"href":"https:\/\/www.rhythmuschor.de\/index.php?rest_route=\/wp\/v2\/posts\/2728","targetHints":{"allow":["GET"]}}],"collection":[{"href":"https:\/\/www.rhythmuschor.de\/index.php?rest_route=\/wp\/v2\/posts"}],"about":[{"href":"https:\/\/www.rhythmuschor.de\/index.php?rest_route=\/wp\/v2\/types\/post"}],"author":[{"embeddable":true,"href":"https:\/\/www.rhythmuschor.de\/index.php?rest_route=\/wp\/v2\/users\/2"}],"replies":[{"embeddable":true,"href":"https:\/\/www.rhythmuschor.de\/index.php?rest_route=%2Fwp%2Fv2%2Fcomments&post=2728"}],"version-history":[{"count":7,"href":"https:\/\/www.rhythmuschor.de\/index.php?rest_route=\/wp\/v2\/posts\/2728\/revisions"}],"predecessor-version":[{"id":2748,"href":"https:\/\/www.rhythmuschor.de\/index.php?rest_route=\/wp\/v2\/posts\/2728\/revisions\/2748"}],"wp:featuredmedia":[{"embeddable":true,"href":"https:\/\/www.rhythmuschor.de\/index.php?rest_route=\/wp\/v2\/media\/2729"}],"wp:attachment":[{"href":"https:\/\/www.rhythmuschor.de\/index.php?rest_route=%2Fwp%2Fv2%2Fmedia&parent=2728"}],"wp:term":[{"taxonomy":"category","embeddable":true,"href":"https:\/\/www.rhythmuschor.de\/index.php?rest_route=%2Fwp%2Fv2%2Fcategories&post=2728"},{"taxonomy":"post_tag","embeddable":true,"href":"https:\/\/www.rhythmuschor.de\/index.php?rest_route=%2Fwp%2Fv2%2Ftags&post=2728"}],"curies":[{"name":"wp","href":"https:\/\/api.w.org\/{rel}","templated":true}]}}