{"id":2684,"date":"2022-02-06T15:00:00","date_gmt":"2022-02-06T14:00:00","guid":{"rendered":"https:\/\/www.rhythmuschor.de\/?p=2684"},"modified":"2022-02-06T14:58:56","modified_gmt":"2022-02-06T13:58:56","slug":"jochen-brings","status":"publish","type":"post","link":"https:\/\/www.rhythmuschor.de\/?p=2684","title":{"rendered":"Nachruf &#8211; Jochen Brings"},"content":{"rendered":"\n<blockquote class=\"wp-block-quote is-layout-flow wp-block-quote-is-layout-flow\"><p>Niemals geht man so ganz, irgendwas von dir bleibt hier, es hat seinen Platz immer bei mir<\/p><cite>Trude Herr<\/cite><\/blockquote>\n\n\n\n<p>Am 19. Januar diesen Jahres erreichte uns die ersch\u00fctternde Nachricht, dass unser Chorleiter Jochen Brings an diesem Tag pl\u00f6tzlich verstorben ist. <\/p>\n\n\n\n<p>Seit Oktober 1979 hat Jochen Brings den Rhythmuschor musikalisch geleitet und mit ihm neue Wege beschritten.<\/p>\n\n\n\n<p>Nachdem wir zu Beginn viele einstimmige St\u00fccke gesungen haben, wagten wir uns mit Jochens Hilfe immer weiter an mehrstimmige Lieder heran.<\/p>\n\n\n\n<p>Der Rhythmuschor, so wie man ihn heute kennt, ist Jochen Brings zu verdanken. Denn er hat uns immer wieder an neue Lieder herangef\u00fchrt und mit uns intensiv geprobt.<\/p>\n\n\n\n<p>Im Oktober 2019 konnten wir Jochens 40j\u00e4hriges Chorleiter-Jubil\u00e4um mit einem Konzert in der Pfarrkirche St. Anna kr\u00f6nen.<\/p>\n\n\n\n<p>Neben der Probenarbeit und unseren Auftritten, standen auch immer wieder zahlreiche Feste und Feiern an. An vielen Festen war Jochen mit dabei und wir haben gemeinsam viel Spa\u00df gehabt.<\/p>\n\n\n\n<p>Mit ihm verlieren wir nicht nur unseren Chorleiter, sondern auch einen guten Freund.<\/p>\n\n\n\n<p>Wir werden ihn vermissen.<\/p>\n\n\n\n<p><\/p>\n","protected":false},"excerpt":{"rendered":"<p>Niemals geht man so ganz, irgendwas von dir bleibt hier, es hat seinen Platz immer bei mir Trude Herr Am 19. Januar diesen Jahres erreichte uns die ersch\u00fctternde Nachricht, dass unser Chorleiter Jochen Brings an diesem Tag pl\u00f6tzlich verstorben ist. Seit Oktober 1979 hat Jochen Brings den Rhythmuschor musikalisch geleitet und mit ihm neue Wege &hellip; <\/p>\n<p class=\"link-more\"><a href=\"https:\/\/www.rhythmuschor.de\/?p=2684\" class=\"more-link\"><span class=\"screen-reader-text\">\u201eNachruf &#8211; Jochen Brings\u201c <\/span>weiterlesen<\/a><\/p>\n","protected":false},"author":2,"featured_media":2688,"comment_status":"closed","ping_status":"closed","sticky":false,"template":"","format":"standard","meta":{"footnotes":""},"categories":[8],"tags":[],"class_list":["post-2684","post","type-post","status-publish","format-standard","has-post-thumbnail","hentry","category-aktuelles"],"_links":{"self":[{"href":"https:\/\/www.rhythmuschor.de\/index.php?rest_route=\/wp\/v2\/posts\/2684","targetHints":{"allow":["GET"]}}],"collection":[{"href":"https:\/\/www.rhythmuschor.de\/index.php?rest_route=\/wp\/v2\/posts"}],"about":[{"href":"https:\/\/www.rhythmuschor.de\/index.php?rest_route=\/wp\/v2\/types\/post"}],"author":[{"embeddable":true,"href":"https:\/\/www.rhythmuschor.de\/index.php?rest_route=\/wp\/v2\/users\/2"}],"replies":[{"embeddable":true,"href":"https:\/\/www.rhythmuschor.de\/index.php?rest_route=%2Fwp%2Fv2%2Fcomments&post=2684"}],"version-history":[{"count":2,"href":"https:\/\/www.rhythmuschor.de\/index.php?rest_route=\/wp\/v2\/posts\/2684\/revisions"}],"predecessor-version":[{"id":2693,"href":"https:\/\/www.rhythmuschor.de\/index.php?rest_route=\/wp\/v2\/posts\/2684\/revisions\/2693"}],"wp:featuredmedia":[{"embeddable":true,"href":"https:\/\/www.rhythmuschor.de\/index.php?rest_route=\/wp\/v2\/media\/2688"}],"wp:attachment":[{"href":"https:\/\/www.rhythmuschor.de\/index.php?rest_route=%2Fwp%2Fv2%2Fmedia&parent=2684"}],"wp:term":[{"taxonomy":"category","embeddable":true,"href":"https:\/\/www.rhythmuschor.de\/index.php?rest_route=%2Fwp%2Fv2%2Fcategories&post=2684"},{"taxonomy":"post_tag","embeddable":true,"href":"https:\/\/www.rhythmuschor.de\/index.php?rest_route=%2Fwp%2Fv2%2Ftags&post=2684"}],"curies":[{"name":"wp","href":"https:\/\/api.w.org\/{rel}","templated":true}]}}