{"id":2409,"date":"2019-10-06T15:00:57","date_gmt":"2019-10-06T14:00:57","guid":{"rendered":"https:\/\/www.rhythmuschor.de\/?p=2409"},"modified":"2019-11-06T19:20:28","modified_gmt":"2019-11-06T18:20:28","slug":"verabschiedung-karl-huetz","status":"publish","type":"post","link":"https:\/\/www.rhythmuschor.de\/?p=2409","title":{"rendered":"Verabschiedung Karl H\u00fctz"},"content":{"rendered":"\n<p>Am 6. Oktober 2019 haben wir Erntedankfest und die Verabschiedung des musikalischen Leiters der GdG (Karl H\u00fctz) gefeiert. Wir danken ihm f\u00fcr viele Jahre Zusammenarbeit und w\u00fcnschen ihm Zeit f\u00fcr sich und seine Familie. Alles Gute, lieber Karl!<\/p>\n","protected":false},"excerpt":{"rendered":"<p>Am 6. Oktober 2019 haben wir Erntedankfest und die Verabschiedung des musikalischen Leiters der GdG (Karl H\u00fctz) gefeiert. Wir danken ihm f\u00fcr viele Jahre Zusammenarbeit und w\u00fcnschen ihm Zeit f\u00fcr sich und seine Familie. Alles Gute, lieber Karl!<\/p>\n","protected":false},"author":2,"featured_media":2411,"comment_status":"closed","ping_status":"closed","sticky":false,"template":"","format":"standard","meta":{"footnotes":""},"categories":[8],"tags":[],"class_list":["post-2409","post","type-post","status-publish","format-standard","has-post-thumbnail","hentry","category-aktuelles"],"_links":{"self":[{"href":"https:\/\/www.rhythmuschor.de\/index.php?rest_route=\/wp\/v2\/posts\/2409","targetHints":{"allow":["GET"]}}],"collection":[{"href":"https:\/\/www.rhythmuschor.de\/index.php?rest_route=\/wp\/v2\/posts"}],"about":[{"href":"https:\/\/www.rhythmuschor.de\/index.php?rest_route=\/wp\/v2\/types\/post"}],"author":[{"embeddable":true,"href":"https:\/\/www.rhythmuschor.de\/index.php?rest_route=\/wp\/v2\/users\/2"}],"replies":[{"embeddable":true,"href":"https:\/\/www.rhythmuschor.de\/index.php?rest_route=%2Fwp%2Fv2%2Fcomments&post=2409"}],"version-history":[{"count":2,"href":"https:\/\/www.rhythmuschor.de\/index.php?rest_route=\/wp\/v2\/posts\/2409\/revisions"}],"predecessor-version":[{"id":2413,"href":"https:\/\/www.rhythmuschor.de\/index.php?rest_route=\/wp\/v2\/posts\/2409\/revisions\/2413"}],"wp:featuredmedia":[{"embeddable":true,"href":"https:\/\/www.rhythmuschor.de\/index.php?rest_route=\/wp\/v2\/media\/2411"}],"wp:attachment":[{"href":"https:\/\/www.rhythmuschor.de\/index.php?rest_route=%2Fwp%2Fv2%2Fmedia&parent=2409"}],"wp:term":[{"taxonomy":"category","embeddable":true,"href":"https:\/\/www.rhythmuschor.de\/index.php?rest_route=%2Fwp%2Fv2%2Fcategories&post=2409"},{"taxonomy":"post_tag","embeddable":true,"href":"https:\/\/www.rhythmuschor.de\/index.php?rest_route=%2Fwp%2Fv2%2Ftags&post=2409"}],"curies":[{"name":"wp","href":"https:\/\/api.w.org\/{rel}","templated":true}]}}