{"id":2404,"date":"2019-09-01T15:00:31","date_gmt":"2019-09-01T14:00:31","guid":{"rendered":"https:\/\/www.rhythmuschor.de\/?p=2404"},"modified":"2019-11-06T19:20:47","modified_gmt":"2019-11-06T18:20:47","slug":"einfuehrung-des-neuen-pfarrers-und-der-neuen-gemeindereferentin","status":"publish","type":"post","link":"https:\/\/www.rhythmuschor.de\/?p=2404","title":{"rendered":"Einf\u00fchrung des neuen Pfarrers und der neuen Gemeindereferentin"},"content":{"rendered":"\n<p>Am 1. September 2019 feierten wir gemeinschaftlich mit der GdG die Einf\u00fchrung von Pfarrer Hagens und der neuen Gemeindereferentin Frau Thies-Diekamp. Die musikalische Gestaltung des Gottesdienstes \u00fcbernahmen die Ch\u00f6re der GdG. Auch wir hei\u00dfen die beiden Neuen herzlich Willkommen!<\/p>\n","protected":false},"excerpt":{"rendered":"<p>Am 1. September 2019 feierten wir gemeinschaftlich mit der GdG die Einf\u00fchrung von Pfarrer Hagens und der neuen Gemeindereferentin Frau Thies-Diekamp. Die musikalische Gestaltung des Gottesdienstes \u00fcbernahmen die Ch\u00f6re der GdG. Auch wir hei\u00dfen die beiden Neuen herzlich Willkommen!<\/p>\n","protected":false},"author":2,"featured_media":2407,"comment_status":"closed","ping_status":"closed","sticky":false,"template":"","format":"standard","meta":{"footnotes":""},"categories":[8],"tags":[],"class_list":["post-2404","post","type-post","status-publish","format-standard","has-post-thumbnail","hentry","category-aktuelles"],"_links":{"self":[{"href":"https:\/\/www.rhythmuschor.de\/index.php?rest_route=\/wp\/v2\/posts\/2404","targetHints":{"allow":["GET"]}}],"collection":[{"href":"https:\/\/www.rhythmuschor.de\/index.php?rest_route=\/wp\/v2\/posts"}],"about":[{"href":"https:\/\/www.rhythmuschor.de\/index.php?rest_route=\/wp\/v2\/types\/post"}],"author":[{"embeddable":true,"href":"https:\/\/www.rhythmuschor.de\/index.php?rest_route=\/wp\/v2\/users\/2"}],"replies":[{"embeddable":true,"href":"https:\/\/www.rhythmuschor.de\/index.php?rest_route=%2Fwp%2Fv2%2Fcomments&post=2404"}],"version-history":[{"count":1,"href":"https:\/\/www.rhythmuschor.de\/index.php?rest_route=\/wp\/v2\/posts\/2404\/revisions"}],"predecessor-version":[{"id":2405,"href":"https:\/\/www.rhythmuschor.de\/index.php?rest_route=\/wp\/v2\/posts\/2404\/revisions\/2405"}],"wp:featuredmedia":[{"embeddable":true,"href":"https:\/\/www.rhythmuschor.de\/index.php?rest_route=\/wp\/v2\/media\/2407"}],"wp:attachment":[{"href":"https:\/\/www.rhythmuschor.de\/index.php?rest_route=%2Fwp%2Fv2%2Fmedia&parent=2404"}],"wp:term":[{"taxonomy":"category","embeddable":true,"href":"https:\/\/www.rhythmuschor.de\/index.php?rest_route=%2Fwp%2Fv2%2Fcategories&post=2404"},{"taxonomy":"post_tag","embeddable":true,"href":"https:\/\/www.rhythmuschor.de\/index.php?rest_route=%2Fwp%2Fv2%2Ftags&post=2404"}],"curies":[{"name":"wp","href":"https:\/\/api.w.org\/{rel}","templated":true}]}}